{"id":241,"date":"2026-06-16T12:13:49","date_gmt":"2026-06-16T12:13:49","guid":{"rendered":"https:\/\/yourdutchroots.com\/?p=241"},"modified":"2026-08-24T07:00:08","modified_gmt":"2026-08-24T07:00:08","slug":"following-your-fathers-wwii-footsteps-in-the-netherlands-a-personal-heritage-journey","status":"publish","type":"post","link":"https:\/\/yourdutchroots.com\/nl\/following-your-fathers-wwii-footsteps-in-the-netherlands-a-personal-heritage-journey\/","title":{"rendered":"In de voetsporen van je vader uit de Tweede Wereldoorlog in Nederland \u2013 een persoonlijke heritage reis"},"content":{"rendered":"<p class=\"wp-block-paragraph\">Je vader heeft tijdens de Tweede Wereldoorlog in Nederland gevochten. Misschien ken je flarden van zijn verhaal, een paar plaatsnamen, een oude foto of een korte. En nu voel je die behoefte om zijn voetsporen te volgen, om te zien waar hij was, waar hij leefde, waar hij geschiedenis meemaakte.<\/p>\n\n\n\n<p class=\"wp-block-paragraph\">Maar hoe vind je die plekken echt?<\/p>\n\n\n\n<p class=\"wp-block-paragraph\">Je hebt uren gezocht. Online, in archief, in verhalen van anderen. Toch blijft die twijfel: ben ik wel op de juiste route? <em>Am I looking in the right places?<\/em><\/p>\n\n\n\n<p class=\"wp-block-paragraph\">Die zoektocht kan overweldigend zijn en gevolgd.<\/p>\n\n\n\n<p class=\"wp-block-paragraph\">Je hoeft dit niet alleen te doen.<\/p>\n\n\n\n<p class=\"wp-block-paragraph\">Ik help je jouw familievoetstappen in Nederland en je Nederlandse wortels te vinden.<\/p>\n\n\n\n<p class=\"wp-block-paragraph\">Met mijn ervaring in genealogisch onderzoek in Nederland weet ik waar en hoe ik moet zoeken. Ik neem het volledige onderzoeksproces uit handen, zodat jij met rust en vertrouwen aan jouw reis kunt beginnen. Een reis die draait om verbinding, betekenis en het begrijpen van jouw familiegeschiedenis in Nederland.<\/p>\n\n\n\n<p class=\"wp-block-paragraph\">Tijdens een persoonlijke WWII Heritage Tour neem ik je mee naar de locaties waar jouw vader als soldaat is geweest. We reconstrueren zijn route, bezoeken plaatsen met historische betekenis en staan \u200b\u200bstil bij de momenten dat zijn verhaal gevormd heeft in het landschap waar het zich afspeelde.<\/p>\n\n\n\n<h3 class=\"wp-block-heading\">Wat gebeurt er wanneer je daar staat\u2026<\/h3>\n\n\n\n<p class=\"wp-block-paragraph\">Op de plek.<\/p>\n\n\n\n<p class=\"wp-block-paragraph\">En je kunt zeggen:<\/p>\n\n\n\n<p class=\"wp-block-paragraph\"><em>\"Dit is waar mijn vader ooit was.\"<\/em><\/p>\n\n\n\n<p class=\"wp-block-paragraph\">Het is een ervaring die dichterbij komt dan woorden.<\/p>\n\n\n\n<hr class=\"wp-block-separator has-alpha-channel-opacity\"\/>\n\n\n\n<h3 class=\"wp-block-heading\">Soms gaat het niet om waar iemand ligt, maar om waar het verhaal begon<\/h3>\n\n\n\n<p class=\"wp-block-paragraph\">Recent behandelde ik een Amerikaans echtpaar met een heel andere, maar net zo betekenisvolle wens. Zij wilden graag een plek bezoeken die verbonden was aan hun oom, die tijdens de Tweede Wereldoorlog om het leven kwam.<\/p>\n\n\n\n<p class=\"wp-block-paragraph\">Hun oom lag verborgen begraven op de Henri-Chapelle American Cemetery and Memorial. Inmiddels is hij herbegraven in de Verenigde Staten. Toch wilden zij per se naar Belgi\u00eb reizen .niet omdat hij daar nog lag, maar omdat dat de plek was waar zijn verhaal smaakbaar werd.<\/p>\n\n\n\n<p class=\"wp-block-paragraph\">Samen stonden wij daar. Stil.<\/p>\n\n\n\n<p class=\"wp-block-paragraph\">Bij de plek waar hij begraven is geweest, waar anderen hem herdachten hebben, waar zijn aanbod voelbaar was.<\/p>\n\n\n\n<p class=\"wp-block-paragraph\">Het liet opnieuw zien dat een roots- of Heritage reis gaat niet alleen over archieven van locaties.<\/p>\n\n\n\n<p class=\"wp-block-paragraph\">Het gaat over betekenis.<\/p>\n\n\n\n<p class=\"wp-block-paragraph\">Over herinnering.<\/p>\n\n\n\n<p class=\"wp-block-paragraph\">Oververbinding \u2014 zelfs als iemand fysiek niet meer op die plek roest.<\/p>\n\n\n\n<hr class=\"wp-block-separator has-alpha-channel-opacity\"\/>\n\n\n\n<h3 class=\"wp-block-heading\">Een reis die tot in detail klopt<\/h3>\n\n\n\n<p class=\"wp-block-paragraph\">Vooraf bezoek ik zoveel mogelijke locaties persoonlijk. Ik zorg ervoor dat jouw hele reis klopt<\/p>\n\n\n\n<p class=\"wp-block-paragraph\">Van routes en vervoer tot achtergrondverhalen en historische context. Alles wordt zorgvuldig afgestemd op jouw verhaal.<\/p>\n\n\n\n<p class=\"wp-block-paragraph\">Jouw gepersonaliseerde WO II-erfgoedtour in Nederland is volledig op maat, met ruimte voor emotie, stilte en verwondering.<\/p>\n\n\n\n<h3 class=\"wp-block-heading\">Wil jij de voetsporen van je vader of andere familielid volgen van jouw familiewortels in Nederland ontdekken?<\/h3>\n\n\n\n<p class=\"wp-block-paragraph\">Stuur mij gerust een e-mail of een DM.<\/p>\n\n\n\n<p class=\"wp-block-paragraph\">Samen maken we een unieke, persoonlijke en betekenisvolle reiservaring van voorouders \u2014 \u00e9\u00e9n die je meeneemt langs geschiedenis \u00e9n gevoel.<\/p>\n\n\n\n<p class=\"wp-block-paragraph\">Liefs,<\/p>\n\n\n\n<p class=\"wp-block-paragraph\"><strong>Yvonne<\/strong><\/p>\n\n\n\n\n  \n    <div class=\"row large-columns-3 medium-columns- small-columns-1 row-collapse\" >\n  <div class=\"gallery-col col\" >\n          <div class=\"col-inner\">\n            <a class=\"image-lightbox lightbox-gallery\" href=\"https:\/\/yourdutchroots.com\/wp-content\/uploads\/2026\/06\/namenboek-westerbork-scaled.webp\" title=\"\">            <div class=\"box has-hover gallery-box box-normal\">\n              <div class=\"box-image image-cover\" style=\"padding-top:100%;\">\n                <img loading=\"lazy\" decoding=\"async\" width=\"1920\" height=\"2560\" src=\"https:\/\/yourdutchroots.com\/wp-content\/uploads\/2026\/06\/namenboek-westerbork-scaled.webp\" class=\"attachment-original size-original\" alt=\"\" ids=\"246,244,245\" style=\"normal\" lightbox_image_size=\"original\" col_spacing=\"collapse\" columns=\"3\" columns__sm=\"1\" image_height=\"100%\" image_size=\"original\" srcset=\"https:\/\/yourdutchroots.com\/wp-content\/uploads\/2026\/06\/namenboek-westerbork-scaled.webp 1920w, https:\/\/yourdutchroots.com\/wp-content\/uploads\/2026\/06\/namenboek-westerbork-scaled-1200x1600.webp 1200w, https:\/\/yourdutchroots.com\/wp-content\/uploads\/2026\/06\/namenboek-westerbork-225x300.webp 225w, https:\/\/yourdutchroots.com\/wp-content\/uploads\/2026\/06\/namenboek-westerbork-768x1024.webp 768w, https:\/\/yourdutchroots.com\/wp-content\/uploads\/2026\/06\/namenboek-westerbork-1152x1536.webp 1152w, https:\/\/yourdutchroots.com\/wp-content\/uploads\/2026\/06\/namenboek-westerbork-1536x2048.webp 1536w\" sizes=\"auto, (max-width: 1920px) 100vw, 1920px\" \/>                                                              <\/div>\n              <div class=\"box-text text-left\" >\n                 <p><\/p>\n              <\/div>\n            <\/div>\n            <\/a>          <\/div>\n         <\/div><div class=\"gallery-col col\" >\n          <div class=\"col-inner\">\n            <a class=\"image-lightbox lightbox-gallery\" href=\"https:\/\/yourdutchroots.com\/wp-content\/uploads\/2026\/06\/20190928_134346-scaled.webp\" title=\"\">            <div class=\"box has-hover gallery-box box-normal\">\n              <div class=\"box-image image-cover\" style=\"padding-top:100%;\">\n                <img loading=\"lazy\" decoding=\"async\" width=\"1440\" height=\"2560\" src=\"https:\/\/yourdutchroots.com\/wp-content\/uploads\/2026\/06\/20190928_134346-scaled.webp\" class=\"attachment-original size-original\" alt=\"\" ids=\"246,244,245\" style=\"normal\" lightbox_image_size=\"original\" col_spacing=\"collapse\" columns=\"3\" columns__sm=\"1\" image_height=\"100%\" image_size=\"original\" srcset=\"https:\/\/yourdutchroots.com\/wp-content\/uploads\/2026\/06\/20190928_134346-scaled.webp 1440w, https:\/\/yourdutchroots.com\/wp-content\/uploads\/2026\/06\/20190928_134346-scaled-1200x2133.webp 1200w, https:\/\/yourdutchroots.com\/wp-content\/uploads\/2026\/06\/20190928_134346-169x300.webp 169w, https:\/\/yourdutchroots.com\/wp-content\/uploads\/2026\/06\/20190928_134346-576x1024.webp 576w, https:\/\/yourdutchroots.com\/wp-content\/uploads\/2026\/06\/20190928_134346-768x1365.webp 768w, https:\/\/yourdutchroots.com\/wp-content\/uploads\/2026\/06\/20190928_134346-864x1536.webp 864w, https:\/\/yourdutchroots.com\/wp-content\/uploads\/2026\/06\/20190928_134346-1152x2048.webp 1152w\" sizes=\"auto, (max-width: 1440px) 100vw, 1440px\" \/>                                                              <\/div>\n              <div class=\"box-text text-left\" >\n                 <p><\/p>\n              <\/div>\n            <\/div>\n            <\/a>          <\/div>\n         <\/div><div class=\"gallery-col col\" >\n          <div class=\"col-inner\">\n            <a class=\"image-lightbox lightbox-gallery\" href=\"https:\/\/yourdutchroots.com\/wp-content\/uploads\/2026\/06\/IMG-20241012-WA0032.webp\" title=\"\">            <div class=\"box has-hover gallery-box box-normal\">\n              <div class=\"box-image image-cover\" style=\"padding-top:100%;\">\n                <img loading=\"lazy\" decoding=\"async\" width=\"1536\" height=\"2048\" src=\"https:\/\/yourdutchroots.com\/wp-content\/uploads\/2026\/06\/IMG-20241012-WA0032.webp\" class=\"attachment-original size-original\" alt=\"\" ids=\"246,244,245\" style=\"normal\" lightbox_image_size=\"original\" col_spacing=\"collapse\" columns=\"3\" columns__sm=\"1\" image_height=\"100%\" image_size=\"original\" srcset=\"https:\/\/yourdutchroots.com\/wp-content\/uploads\/2026\/06\/IMG-20241012-WA0032.webp 1536w, https:\/\/yourdutchroots.com\/wp-content\/uploads\/2026\/06\/IMG-20241012-WA0032-1200x1600.webp 1200w, https:\/\/yourdutchroots.com\/wp-content\/uploads\/2026\/06\/IMG-20241012-WA0032-225x300.webp 225w, https:\/\/yourdutchroots.com\/wp-content\/uploads\/2026\/06\/IMG-20241012-WA0032-768x1024.webp 768w, https:\/\/yourdutchroots.com\/wp-content\/uploads\/2026\/06\/IMG-20241012-WA0032-1152x1536.webp 1152w\" sizes=\"auto, (max-width: 1536px) 100vw, 1536px\" \/>                                                              <\/div>\n              <div class=\"box-text text-left\" >\n                 <p><\/p>\n              <\/div>\n            <\/div>\n            <\/a>          <\/div>\n         <\/div><\/div>","protected":false},"excerpt":{"rendered":"<p>Your father fought in the Netherlands during the Second World War. Perhaps you know fragments of his story: a few place names, an old photograph, or a brief family memory. And now you feel the desire to follow in his footsteps\u2014to see where he was, where he lived, and where history unfolded around him. But [&#8230;]\n","protected":false},"author":1,"featured_media":242,"comment_status":"closed","ping_status":"closed","sticky":false,"template":"","format":"standard","meta":{"footnotes":""},"categories":[1],"tags":[],"class_list":["post-241","post","type-post","status-publish","format-standard","has-post-thumbnail","hentry","category-uncategorized"],"_links":{"self":[{"href":"https:\/\/yourdutchroots.com\/nl\/wp-json\/wp\/v2\/posts\/241","targetHints":{"allow":["GET"]}}],"collection":[{"href":"https:\/\/yourdutchroots.com\/nl\/wp-json\/wp\/v2\/posts"}],"about":[{"href":"https:\/\/yourdutchroots.com\/nl\/wp-json\/wp\/v2\/types\/post"}],"author":[{"embeddable":true,"href":"https:\/\/yourdutchroots.com\/nl\/wp-json\/wp\/v2\/users\/1"}],"replies":[{"embeddable":true,"href":"https:\/\/yourdutchroots.com\/nl\/wp-json\/wp\/v2\/comments?post=241"}],"version-history":[{"count":5,"href":"https:\/\/yourdutchroots.com\/nl\/wp-json\/wp\/v2\/posts\/241\/revisions"}],"predecessor-version":[{"id":448,"href":"https:\/\/yourdutchroots.com\/nl\/wp-json\/wp\/v2\/posts\/241\/revisions\/448"}],"wp:featuredmedia":[{"embeddable":true,"href":"https:\/\/yourdutchroots.com\/nl\/wp-json\/wp\/v2\/media\/242"}],"wp:attachment":[{"href":"https:\/\/yourdutchroots.com\/nl\/wp-json\/wp\/v2\/media?parent=241"}],"wp:term":[{"taxonomy":"category","embeddable":true,"href":"https:\/\/yourdutchroots.com\/nl\/wp-json\/wp\/v2\/categories?post=241"},{"taxonomy":"post_tag","embeddable":true,"href":"https:\/\/yourdutchroots.com\/nl\/wp-json\/wp\/v2\/tags?post=241"}],"curies":[{"name":"wp","href":"https:\/\/api.w.org\/{rel}","templated":true}]}}